{"id":5140,"date":"2023-06-22T18:22:29","date_gmt":"2023-06-22T16:22:29","guid":{"rendered":"https:\/\/tecnocentres.org\/?p=5140"},"modified":"2023-06-22T18:23:39","modified_gmt":"2023-06-22T16:23:39","slug":"nueva-version-del-qvic-v4-2","status":"publish","type":"post","link":"https:\/\/tecnocentres.org\/es\/blog\/2023\/06\/22\/nueva-version-del-qvic-v4-2\/","title":{"rendered":"Nueva versi\u00f3n del qViC (v4.2)"},"content":{"rendered":"\n<p>Pensando ya en el pr\u00f3ximo curso, acabo de publicar la versi\u00f3n 4.2 del qViC. He hecho, al igual que con la versi\u00f3n anterior: versi\u00f3n para Catalu\u00f1a (con las competencias del decreto 175\/2022, de 27 de septiembre), versi\u00f3n para las Islas Baleares (con las competencias del decreto 31\/2022, del 1 de agosto, gracias a Vicen\u00e7 Serralta que las ha introducido), versi\u00f3n en castellano (con las competencias de los Reales decretos 157\/2002, de 1 de marzo, y 217\/2002, de 29 de marzo) y en euskera, gracias a la traducci\u00f3n de Javier Sim\u00f3n.<\/p>\n\n\n\n<!--more-->\n\n\n\n<p>Dado que el qViC ya estaba adaptado al nuevo curr\u00edculum, esta vez hay pocas novedades. De hecho, me plante\u00e9 no cambiar nada, pero hace tiempo que me preocupa c\u00f3mo se califica. Y, el qViC, es principalmente un cuaderno de calificaci\u00f3n.<\/p>\n\n\n\n<p>B\u00e1sicamente, me preocupa el tema de las medias ponderadas. En un art\u00edculo de hace unos a\u00f1os, explicaba c\u00f3mo utilizaba yo el qViC. Pero no todo el mundo lo utiliza igual. Si vamos indicando actividades y calific\u00e1ndolas, y estas trabajan los mismos criterios, \u00bfqu\u00e9 sentido tiene la media ponderada?<\/p>\n\n\n\n<p>Si un alumno demuestra en una actividad que ha alcanzado un criterio, \u00bfpor qu\u00e9 tengo que promediarla con una actividad de hace tres semanas en la que no la hab\u00eda alcanzado?<br><strong>La calificaci\u00f3n deber\u00eda servir para indicar a qu\u00e9 punto ha llegado (qu\u00e9 aprendizajes ha alcanzado) el alumno al final de un per\u00edodo. No si los ha logrado desde un inicio o si le ha costado m\u00e1s.<\/strong><\/p>\n\n\n\n<p>No me enrollo, que creo que se entiende la idea. Por tanto, qViC ofrece una nueva posibilidad de c\u00e1lculo de calificaciones. No elimina la posibilidad de la media ponderada, solo a\u00f1ade una m\u00e1s<\/p>\n\n\n\n<h2><strong>C\u00e1lculo de la calificaci\u00f3n de un criterio de evaluaci\u00f3n<\/strong><\/h2>\n\n\n\n<p>En la versi\u00f3n 4.2, tenemos una nueva hoja para cada evaluaci\u00f3n, de nombre <em>C\u00e1lculo calificaci\u00f3n Xa<\/em>. En esta hoja, aparecen todos los criterios que hemos introducido en la hoja <em>Competencias Xa <\/em>y nos permite elegir el m\u00e9todo de c\u00e1lculo: <em>Media ponderada<\/em> o <em>Valor m\u00e1ximo<\/em>.<\/p>\n\n\n\n<figure class=\"wp-block-image\"><img loading=\"lazy\" decoding=\"async\" width=\"1741\" height=\"564\" src=\"https:\/\/tecnocentres.org\/wp-content\/uploads\/2023\/06\/1-1.png\" alt=\"\" class=\"wp-image-5129\" srcset=\"https:\/\/tecnocentres.org\/wp-content\/uploads\/2023\/06\/1-1.png 1741w, https:\/\/tecnocentres.org\/wp-content\/uploads\/2023\/06\/1-1-300x97.png 300w, https:\/\/tecnocentres.org\/wp-content\/uploads\/2023\/06\/1-1-1024x332.png 1024w, https:\/\/tecnocentres.org\/wp-content\/uploads\/2023\/06\/1-1-768x249.png 768w, https:\/\/tecnocentres.org\/wp-content\/uploads\/2023\/06\/1-1-1536x498.png 1536w, https:\/\/tecnocentres.org\/wp-content\/uploads\/2023\/06\/1-1-1040x337.png 1040w, https:\/\/tecnocentres.org\/wp-content\/uploads\/2023\/06\/1-1-640x207.png 640w\" sizes=\"auto, (max-width: 1741px) 100vw, 1741px\" \/><\/figure>\n\n\n\n<p>Si elegimos la opci\u00f3n <strong>Media ponderada<\/strong>, la calificaci\u00f3n de ese criterio se har\u00e1 como hasta ahora hac\u00eda el qViC. Para cada actividad, mirar\u00e1 la ponderaci\u00f3n indicada en la hoja <em>Competencias Xa<\/em> y calcular\u00e1 la media.<\/p>\n\n\n\n<p>Si elegimos la opci\u00f3n <strong>Valor m\u00e1ximo<\/strong>, se mirar\u00e1n todas las calificaciones de las actividades que trabajan un mismo criterio y se asignar\u00e1 la m\u00e1s alta.<\/p>\n\n\n\n<p>Esto se puede elegir por cada criterio y en cada evaluaci\u00f3n.<\/p>\n\n\n\n<h2><strong>C\u00e1lculo de la calificaci\u00f3n final<\/strong><\/h2>\n\n\n\n<p>Del mismo modo, tambi\u00e9n se ofrece una segunda forma de calcular la calificaci\u00f3n final.<\/p>\n\n\n\n<p>En la hoja <em>Evaluaci\u00f3n Xa<\/em>, se puede elegir la opci\u00f3n <em>Ponderada<\/em> o <em>Mayoritario<\/em>.<\/p>\n\n\n\n<figure class=\"wp-block-image\"><img loading=\"lazy\" decoding=\"async\" width=\"1752\" height=\"379\" src=\"https:\/\/tecnocentres.org\/wp-content\/uploads\/2023\/06\/2.png\" alt=\"\" class=\"wp-image-5132\" srcset=\"https:\/\/tecnocentres.org\/wp-content\/uploads\/2023\/06\/2.png 1752w, https:\/\/tecnocentres.org\/wp-content\/uploads\/2023\/06\/2-300x65.png 300w, https:\/\/tecnocentres.org\/wp-content\/uploads\/2023\/06\/2-1024x222.png 1024w, https:\/\/tecnocentres.org\/wp-content\/uploads\/2023\/06\/2-768x166.png 768w, https:\/\/tecnocentres.org\/wp-content\/uploads\/2023\/06\/2-1536x332.png 1536w, https:\/\/tecnocentres.org\/wp-content\/uploads\/2023\/06\/2-1040x225.png 1040w, https:\/\/tecnocentres.org\/wp-content\/uploads\/2023\/06\/2-640x138.png 640w\" sizes=\"auto, (max-width: 1752px) 100vw, 1752px\" \/><\/figure>\n\n\n\n<p>Si se elige la opci\u00f3n <strong>Ponderada<\/strong> (<em>media ponderada<\/em>), el c\u00e1lculo ser\u00e1 como hasta ahora. Cada criterio se pondera con el peso indicado en la primera fila de esta hoja <em>Evaluaci\u00f3n Xa<\/em>.<\/p>\n\n\n\n<p>Si se elige <strong>Mayoritario<\/strong> (<em>valor mayoritario<\/em>), la calificaci\u00f3n no se hace por promedio. Se considera que todos los criterios tienen la misma importancia y se calcula con el segundo cuartil (el valor que superan el 50% de los criterios). No cambia demasiado el resultado final, pero se ajusta algo en alumnos con criterios con calificaciones muy diversas.<br>&#x26a0;&#xfe0f; Debe tenerse en cuenta que, con este m\u00e9todo Mayoritario, se ha a\u00f1adido una condici\u00f3n. Para alcanzar el \u00e1rea asignatura es necesario alcanzar todos los criterios de evaluaci\u00f3n. Bien, de hecho, qViC mira que no haya dos no superados. Con uno no superado, devuelve igual el c\u00e1lculo del cuartil (me parec\u00eda demasiado radical no alcanzar por un solo criterio).<\/p>\n\n\n\n<p>La idea es que los criterios de evaluaci\u00f3n que marcan los decretos son los m\u00ednimos y, por tanto, todos los alumnos deben alcanzarlos todos. No todos en igual grado, pero s\u00ed todos. Lo l\u00f3gico es tener unos indicadores para cada criterio que definan los diferentes logros. La consecuci\u00f3n satisfactoria de un criterio seguramente contendr\u00e1 expresiones tipo <em>con la ayuda del docente<\/em>, <em>facilit\u00e1ndole andamiajes<\/em>, etc. Todos los alumnos deber\u00edan alcanzar, como m\u00ednimo, en ese grado. Y, si no es as\u00ed, habr\u00e1 que prever medidas de refuerzo (de ah\u00ed que no apruebe la asignatura y sea el aviso de alarma).<\/p>\n\n\n\n<h2><strong>Conclusi\u00f3n<\/strong><\/h2>\n\n\n\n<p>Calificar no es algo neutro ni objetivo. Hace a\u00f1os que renunci\u00e9 a calificar de forma objetiva. Me conformo con no hacerlo de manera arbitraria.<\/p>\n\n\n\n<p>Como hay mucha gente que utiliza el qViC (el pasado curso tuvo m\u00e1s de 2.000 descargas &#x1f631;) he intentado a\u00f1adir las opciones que creo que son m\u00e1s coherentes, pero sin eliminar las que hab\u00eda hasta ahora. Esto complica un poco m\u00e1s su uso, pero creo que es la mejor opci\u00f3n.<\/p>\n\n\n\n<p>Como siempre, sus comentarios, aportaciones y correcciones ser\u00e1n muy bien recibidas.<\/p>\n\n\n\n<p>Todas las plantillas y m\u00e1s informaci\u00f3n en la <a href=\"https:\/\/cv.tecnocentres.org\/\" target=\"_blank\" rel=\"noreferrer noopener\">web de qViC<\/a><\/p>\n\n\n\n<p><\/p>\n","protected":false},"excerpt":{"rendered":"<p>Pensando ya en el pr\u00f3ximo curso, acabo de publicar la versi\u00f3n 4.2 del qViC. He hecho, al igual que con la versi\u00f3n anterior: versi\u00f3n para Catalu\u00f1a (con las competencias del decreto 175\/2022, de 27 de septiembre), versi\u00f3n para las Islas&#8230;<\/p>\n","protected":false},"author":1,"featured_media":4202,"comment_status":"open","ping_status":"open","sticky":false,"template":"","format":"standard","meta":{"footnotes":""},"categories":[98,49,46],"tags":[],"class_list":["post-5140","post","type-post","status-publish","format-standard","has-post-thumbnail","hentry","category-avaluacio-es","category-herramientas-2-0","category-profesores","post-archive"],"yoast_head":"<!-- This site is optimized with the Yoast SEO plugin v27.5 - https:\/\/yoast.com\/product\/yoast-seo-wordpress\/ -->\n<title>Nueva versi\u00f3n del qViC (v4.2) - Tecnocentres<\/title>\n<meta name=\"robots\" content=\"index, follow, max-snippet:-1, max-image-preview:large, max-video-preview:-1\" \/>\n<link rel=\"canonical\" href=\"https:\/\/tecnocentres.org\/es\/blog\/2023\/06\/22\/nueva-version-del-qvic-v4-2\/\" \/>\n<meta property=\"og:locale\" content=\"es_ES\" \/>\n<meta property=\"og:type\" content=\"article\" \/>\n<meta property=\"og:title\" content=\"Nueva versi\u00f3n del qViC (v4.2) - Tecnocentres\" \/>\n<meta property=\"og:description\" content=\"Pensando ya en el pr\u00f3ximo curso, acabo de publicar la versi\u00f3n 4.2 del qViC. He hecho, al igual que con la versi\u00f3n anterior: versi\u00f3n para Catalu\u00f1a (con las competencias del decreto 175\/2022, de 27 de septiembre), versi\u00f3n para las Islas...\" \/>\n<meta property=\"og:url\" content=\"https:\/\/tecnocentres.org\/es\/blog\/2023\/06\/22\/nueva-version-del-qvic-v4-2\/\" \/>\n<meta property=\"og:site_name\" content=\"Tecnocentres\" \/>\n<meta property=\"article:published_time\" content=\"2023-06-22T16:22:29+00:00\" \/>\n<meta property=\"article:modified_time\" content=\"2023-06-22T16:23:39+00:00\" \/>\n<meta property=\"og:image\" content=\"https:\/\/tecnocentres.org\/wp-content\/uploads\/2020\/07\/qvic.png\" \/>\n\t<meta property=\"og:image:width\" content=\"717\" \/>\n\t<meta property=\"og:image:height\" content=\"247\" \/>\n\t<meta property=\"og:image:type\" content=\"image\/png\" \/>\n<meta name=\"author\" content=\"Jaume Feliu\" \/>\n<meta name=\"twitter:card\" content=\"summary_large_image\" \/>\n<meta name=\"twitter:creator\" content=\"@jfeliua\" \/>\n<meta name=\"twitter:label1\" content=\"Escrito por\" \/>\n\t<meta name=\"twitter:data1\" content=\"Jaume Feliu\" \/>\n\t<meta name=\"twitter:label2\" content=\"Tiempo de lectura\" \/>\n\t<meta name=\"twitter:data2\" content=\"5 minutos\" \/>\n<script type=\"application\/ld+json\" class=\"yoast-schema-graph\">{\"@context\":\"https:\\\/\\\/schema.org\",\"@graph\":[{\"@type\":\"Article\",\"@id\":\"https:\\\/\\\/tecnocentres.org\\\/es\\\/blog\\\/2023\\\/06\\\/22\\\/nueva-version-del-qvic-v4-2\\\/#article\",\"isPartOf\":{\"@id\":\"https:\\\/\\\/tecnocentres.org\\\/es\\\/blog\\\/2023\\\/06\\\/22\\\/nueva-version-del-qvic-v4-2\\\/\"},\"author\":{\"name\":\"Jaume Feliu\",\"@id\":\"https:\\\/\\\/tecnocentres.org\\\/es\\\/#\\\/schema\\\/person\\\/b2eb569e95072dedf967f0036be08adf\"},\"headline\":\"Nueva versi\u00f3n del qViC (v4.2)\",\"datePublished\":\"2023-06-22T16:22:29+00:00\",\"dateModified\":\"2023-06-22T16:23:39+00:00\",\"mainEntityOfPage\":{\"@id\":\"https:\\\/\\\/tecnocentres.org\\\/es\\\/blog\\\/2023\\\/06\\\/22\\\/nueva-version-del-qvic-v4-2\\\/\"},\"wordCount\":852,\"commentCount\":0,\"image\":{\"@id\":\"https:\\\/\\\/tecnocentres.org\\\/es\\\/blog\\\/2023\\\/06\\\/22\\\/nueva-version-del-qvic-v4-2\\\/#primaryimage\"},\"thumbnailUrl\":\"https:\\\/\\\/tecnocentres.org\\\/wp-content\\\/uploads\\\/2020\\\/07\\\/qvic.png\",\"articleSection\":[\"Avaluaci\u00f3\",\"Herramientas 2.0\",\"Profesores\"],\"inLanguage\":\"es\",\"potentialAction\":[{\"@type\":\"CommentAction\",\"name\":\"Comment\",\"target\":[\"https:\\\/\\\/tecnocentres.org\\\/es\\\/blog\\\/2023\\\/06\\\/22\\\/nueva-version-del-qvic-v4-2\\\/#respond\"]}]},{\"@type\":\"WebPage\",\"@id\":\"https:\\\/\\\/tecnocentres.org\\\/es\\\/blog\\\/2023\\\/06\\\/22\\\/nueva-version-del-qvic-v4-2\\\/\",\"url\":\"https:\\\/\\\/tecnocentres.org\\\/es\\\/blog\\\/2023\\\/06\\\/22\\\/nueva-version-del-qvic-v4-2\\\/\",\"name\":\"Nueva versi\u00f3n del qViC (v4.2) - Tecnocentres\",\"isPartOf\":{\"@id\":\"https:\\\/\\\/tecnocentres.org\\\/es\\\/#website\"},\"primaryImageOfPage\":{\"@id\":\"https:\\\/\\\/tecnocentres.org\\\/es\\\/blog\\\/2023\\\/06\\\/22\\\/nueva-version-del-qvic-v4-2\\\/#primaryimage\"},\"image\":{\"@id\":\"https:\\\/\\\/tecnocentres.org\\\/es\\\/blog\\\/2023\\\/06\\\/22\\\/nueva-version-del-qvic-v4-2\\\/#primaryimage\"},\"thumbnailUrl\":\"https:\\\/\\\/tecnocentres.org\\\/wp-content\\\/uploads\\\/2020\\\/07\\\/qvic.png\",\"datePublished\":\"2023-06-22T16:22:29+00:00\",\"dateModified\":\"2023-06-22T16:23:39+00:00\",\"author\":{\"@id\":\"https:\\\/\\\/tecnocentres.org\\\/es\\\/#\\\/schema\\\/person\\\/b2eb569e95072dedf967f0036be08adf\"},\"breadcrumb\":{\"@id\":\"https:\\\/\\\/tecnocentres.org\\\/es\\\/blog\\\/2023\\\/06\\\/22\\\/nueva-version-del-qvic-v4-2\\\/#breadcrumb\"},\"inLanguage\":\"es\",\"potentialAction\":[{\"@type\":\"ReadAction\",\"target\":[\"https:\\\/\\\/tecnocentres.org\\\/es\\\/blog\\\/2023\\\/06\\\/22\\\/nueva-version-del-qvic-v4-2\\\/\"]}]},{\"@type\":\"ImageObject\",\"inLanguage\":\"es\",\"@id\":\"https:\\\/\\\/tecnocentres.org\\\/es\\\/blog\\\/2023\\\/06\\\/22\\\/nueva-version-del-qvic-v4-2\\\/#primaryimage\",\"url\":\"https:\\\/\\\/tecnocentres.org\\\/wp-content\\\/uploads\\\/2020\\\/07\\\/qvic.png\",\"contentUrl\":\"https:\\\/\\\/tecnocentres.org\\\/wp-content\\\/uploads\\\/2020\\\/07\\\/qvic.png\",\"width\":717,\"height\":247},{\"@type\":\"BreadcrumbList\",\"@id\":\"https:\\\/\\\/tecnocentres.org\\\/es\\\/blog\\\/2023\\\/06\\\/22\\\/nueva-version-del-qvic-v4-2\\\/#breadcrumb\",\"itemListElement\":[{\"@type\":\"ListItem\",\"position\":1,\"name\":\"Inici\",\"item\":\"https:\\\/\\\/tecnocentres.org\\\/es\\\/\"},{\"@type\":\"ListItem\",\"position\":2,\"name\":\"Nueva versi\u00f3n del qViC (v4.2)\"}]},{\"@type\":\"WebSite\",\"@id\":\"https:\\\/\\\/tecnocentres.org\\\/es\\\/#website\",\"url\":\"https:\\\/\\\/tecnocentres.org\\\/es\\\/\",\"name\":\"Tecnocentres\",\"description\":\"Blog de Jaume Feliu\",\"potentialAction\":[{\"@type\":\"SearchAction\",\"target\":{\"@type\":\"EntryPoint\",\"urlTemplate\":\"https:\\\/\\\/tecnocentres.org\\\/es\\\/?s={search_term_string}\"},\"query-input\":{\"@type\":\"PropertyValueSpecification\",\"valueRequired\":true,\"valueName\":\"search_term_string\"}}],\"inLanguage\":\"es\"},{\"@type\":\"Person\",\"@id\":\"https:\\\/\\\/tecnocentres.org\\\/es\\\/#\\\/schema\\\/person\\\/b2eb569e95072dedf967f0036be08adf\",\"name\":\"Jaume Feliu\",\"image\":{\"@type\":\"ImageObject\",\"inLanguage\":\"es\",\"@id\":\"https:\\\/\\\/secure.gravatar.com\\\/avatar\\\/04319ca8610bfe2a04fca8f0d7d42c7e87e4bbe1c687e39a0192f567098d464e?s=96&d=mm&r=g\",\"url\":\"https:\\\/\\\/secure.gravatar.com\\\/avatar\\\/04319ca8610bfe2a04fca8f0d7d42c7e87e4bbe1c687e39a0192f567098d464e?s=96&d=mm&r=g\",\"contentUrl\":\"https:\\\/\\\/secure.gravatar.com\\\/avatar\\\/04319ca8610bfe2a04fca8f0d7d42c7e87e4bbe1c687e39a0192f567098d464e?s=96&d=mm&r=g\",\"caption\":\"Jaume Feliu\"},\"sameAs\":[\"https:\\\/\\\/tecnocentres.org\",\"https:\\\/\\\/x.com\\\/jfeliua\"],\"url\":\"https:\\\/\\\/tecnocentres.org\\\/es\\\/blog\\\/author\\\/admin\\\/\"}]}<\/script>\n<!-- \/ Yoast SEO plugin. -->","yoast_head_json":{"title":"Nueva versi\u00f3n del qViC (v4.2) - Tecnocentres","robots":{"index":"index","follow":"follow","max-snippet":"max-snippet:-1","max-image-preview":"max-image-preview:large","max-video-preview":"max-video-preview:-1"},"canonical":"https:\/\/tecnocentres.org\/es\/blog\/2023\/06\/22\/nueva-version-del-qvic-v4-2\/","og_locale":"es_ES","og_type":"article","og_title":"Nueva versi\u00f3n del qViC (v4.2) - Tecnocentres","og_description":"Pensando ya en el pr\u00f3ximo curso, acabo de publicar la versi\u00f3n 4.2 del qViC. He hecho, al igual que con la versi\u00f3n anterior: versi\u00f3n para Catalu\u00f1a (con las competencias del decreto 175\/2022, de 27 de septiembre), versi\u00f3n para las Islas...","og_url":"https:\/\/tecnocentres.org\/es\/blog\/2023\/06\/22\/nueva-version-del-qvic-v4-2\/","og_site_name":"Tecnocentres","article_published_time":"2023-06-22T16:22:29+00:00","article_modified_time":"2023-06-22T16:23:39+00:00","og_image":[{"width":717,"height":247,"url":"https:\/\/tecnocentres.org\/wp-content\/uploads\/2020\/07\/qvic.png","type":"image\/png"}],"author":"Jaume Feliu","twitter_card":"summary_large_image","twitter_creator":"@jfeliua","twitter_misc":{"Escrito por":"Jaume Feliu","Tiempo de lectura":"5 minutos"},"schema":{"@context":"https:\/\/schema.org","@graph":[{"@type":"Article","@id":"https:\/\/tecnocentres.org\/es\/blog\/2023\/06\/22\/nueva-version-del-qvic-v4-2\/#article","isPartOf":{"@id":"https:\/\/tecnocentres.org\/es\/blog\/2023\/06\/22\/nueva-version-del-qvic-v4-2\/"},"author":{"name":"Jaume Feliu","@id":"https:\/\/tecnocentres.org\/es\/#\/schema\/person\/b2eb569e95072dedf967f0036be08adf"},"headline":"Nueva versi\u00f3n del qViC (v4.2)","datePublished":"2023-06-22T16:22:29+00:00","dateModified":"2023-06-22T16:23:39+00:00","mainEntityOfPage":{"@id":"https:\/\/tecnocentres.org\/es\/blog\/2023\/06\/22\/nueva-version-del-qvic-v4-2\/"},"wordCount":852,"commentCount":0,"image":{"@id":"https:\/\/tecnocentres.org\/es\/blog\/2023\/06\/22\/nueva-version-del-qvic-v4-2\/#primaryimage"},"thumbnailUrl":"https:\/\/tecnocentres.org\/wp-content\/uploads\/2020\/07\/qvic.png","articleSection":["Avaluaci\u00f3","Herramientas 2.0","Profesores"],"inLanguage":"es","potentialAction":[{"@type":"CommentAction","name":"Comment","target":["https:\/\/tecnocentres.org\/es\/blog\/2023\/06\/22\/nueva-version-del-qvic-v4-2\/#respond"]}]},{"@type":"WebPage","@id":"https:\/\/tecnocentres.org\/es\/blog\/2023\/06\/22\/nueva-version-del-qvic-v4-2\/","url":"https:\/\/tecnocentres.org\/es\/blog\/2023\/06\/22\/nueva-version-del-qvic-v4-2\/","name":"Nueva versi\u00f3n del qViC (v4.2) - Tecnocentres","isPartOf":{"@id":"https:\/\/tecnocentres.org\/es\/#website"},"primaryImageOfPage":{"@id":"https:\/\/tecnocentres.org\/es\/blog\/2023\/06\/22\/nueva-version-del-qvic-v4-2\/#primaryimage"},"image":{"@id":"https:\/\/tecnocentres.org\/es\/blog\/2023\/06\/22\/nueva-version-del-qvic-v4-2\/#primaryimage"},"thumbnailUrl":"https:\/\/tecnocentres.org\/wp-content\/uploads\/2020\/07\/qvic.png","datePublished":"2023-06-22T16:22:29+00:00","dateModified":"2023-06-22T16:23:39+00:00","author":{"@id":"https:\/\/tecnocentres.org\/es\/#\/schema\/person\/b2eb569e95072dedf967f0036be08adf"},"breadcrumb":{"@id":"https:\/\/tecnocentres.org\/es\/blog\/2023\/06\/22\/nueva-version-del-qvic-v4-2\/#breadcrumb"},"inLanguage":"es","potentialAction":[{"@type":"ReadAction","target":["https:\/\/tecnocentres.org\/es\/blog\/2023\/06\/22\/nueva-version-del-qvic-v4-2\/"]}]},{"@type":"ImageObject","inLanguage":"es","@id":"https:\/\/tecnocentres.org\/es\/blog\/2023\/06\/22\/nueva-version-del-qvic-v4-2\/#primaryimage","url":"https:\/\/tecnocentres.org\/wp-content\/uploads\/2020\/07\/qvic.png","contentUrl":"https:\/\/tecnocentres.org\/wp-content\/uploads\/2020\/07\/qvic.png","width":717,"height":247},{"@type":"BreadcrumbList","@id":"https:\/\/tecnocentres.org\/es\/blog\/2023\/06\/22\/nueva-version-del-qvic-v4-2\/#breadcrumb","itemListElement":[{"@type":"ListItem","position":1,"name":"Inici","item":"https:\/\/tecnocentres.org\/es\/"},{"@type":"ListItem","position":2,"name":"Nueva versi\u00f3n del qViC (v4.2)"}]},{"@type":"WebSite","@id":"https:\/\/tecnocentres.org\/es\/#website","url":"https:\/\/tecnocentres.org\/es\/","name":"Tecnocentres","description":"Blog de Jaume Feliu","potentialAction":[{"@type":"SearchAction","target":{"@type":"EntryPoint","urlTemplate":"https:\/\/tecnocentres.org\/es\/?s={search_term_string}"},"query-input":{"@type":"PropertyValueSpecification","valueRequired":true,"valueName":"search_term_string"}}],"inLanguage":"es"},{"@type":"Person","@id":"https:\/\/tecnocentres.org\/es\/#\/schema\/person\/b2eb569e95072dedf967f0036be08adf","name":"Jaume Feliu","image":{"@type":"ImageObject","inLanguage":"es","@id":"https:\/\/secure.gravatar.com\/avatar\/04319ca8610bfe2a04fca8f0d7d42c7e87e4bbe1c687e39a0192f567098d464e?s=96&d=mm&r=g","url":"https:\/\/secure.gravatar.com\/avatar\/04319ca8610bfe2a04fca8f0d7d42c7e87e4bbe1c687e39a0192f567098d464e?s=96&d=mm&r=g","contentUrl":"https:\/\/secure.gravatar.com\/avatar\/04319ca8610bfe2a04fca8f0d7d42c7e87e4bbe1c687e39a0192f567098d464e?s=96&d=mm&r=g","caption":"Jaume Feliu"},"sameAs":["https:\/\/tecnocentres.org","https:\/\/x.com\/jfeliua"],"url":"https:\/\/tecnocentres.org\/es\/blog\/author\/admin\/"}]}},"_links":{"self":[{"href":"https:\/\/tecnocentres.org\/es\/wp-json\/wp\/v2\/posts\/5140","targetHints":{"allow":["GET"]}}],"collection":[{"href":"https:\/\/tecnocentres.org\/es\/wp-json\/wp\/v2\/posts"}],"about":[{"href":"https:\/\/tecnocentres.org\/es\/wp-json\/wp\/v2\/types\/post"}],"author":[{"embeddable":true,"href":"https:\/\/tecnocentres.org\/es\/wp-json\/wp\/v2\/users\/1"}],"replies":[{"embeddable":true,"href":"https:\/\/tecnocentres.org\/es\/wp-json\/wp\/v2\/comments?post=5140"}],"version-history":[{"count":3,"href":"https:\/\/tecnocentres.org\/es\/wp-json\/wp\/v2\/posts\/5140\/revisions"}],"predecessor-version":[{"id":5145,"href":"https:\/\/tecnocentres.org\/es\/wp-json\/wp\/v2\/posts\/5140\/revisions\/5145"}],"wp:featuredmedia":[{"embeddable":true,"href":"https:\/\/tecnocentres.org\/es\/wp-json\/wp\/v2\/media\/4202"}],"wp:attachment":[{"href":"https:\/\/tecnocentres.org\/es\/wp-json\/wp\/v2\/media?parent=5140"}],"wp:term":[{"taxonomy":"category","embeddable":true,"href":"https:\/\/tecnocentres.org\/es\/wp-json\/wp\/v2\/categories?post=5140"},{"taxonomy":"post_tag","embeddable":true,"href":"https:\/\/tecnocentres.org\/es\/wp-json\/wp\/v2\/tags?post=5140"}],"curies":[{"name":"wp","href":"https:\/\/api.w.org\/{rel}","templated":true}]}}