{"id":2221,"date":"2018-07-12T23:55:12","date_gmt":"2018-07-12T21:55:12","guid":{"rendered":"https:\/\/tecnocentres.org\/?p=2221"},"modified":"2018-08-12T11:06:27","modified_gmt":"2018-08-12T09:06:27","slug":"nueva-version-del-cuaderno-virtual-del-profesor-la-v4-2","status":"publish","type":"post","link":"https:\/\/tecnocentres.org\/es\/blog\/2018\/07\/12\/nueva-version-del-cuaderno-virtual-del-profesor-la-v4-2\/","title":{"rendered":"Nueva versi\u00f3n del Cuaderno Virtual del Profesor, la v4.2"},"content":{"rendered":"<p style=\"text-align: justify;\">Ya hace varios a\u00f1os que empec\u00e9 este blog y el primer art\u00edculo fue para compartir el Cuaderno Virtual del Profesor. Ahora acabo de actualizarlo de cara al pr\u00f3ximo curso, publicando la versi\u00f3n 4.2.<\/p>\n<p style=\"text-align: justify;\">Para los que no lo conozc\u00e1is, no es m\u00e1s que una hoja de c\u00e1lculo, con un script asociado, que sustituye a la t\u00edpica libreta de notas donde anotamos el seguimiento de los alumnos. La ventaja es que est\u00e1 en la nube (Google Drive) y, por tanto, es accesible desde cualquier dispositivo. Y, al ser digital, es muy sencillo obtener res\u00famenes, c\u00e1lculos y estad\u00edsticas. Os animo a que pas\u00e9is por <a href=\"http:\/\/cv.tecnocentres.org\" target=\"_blank\" rel=\"noopener\">cv.tecnocentres.org<\/a> y le ech\u00e9is una mirada.<\/p>\n<p style=\"text-align: justify;\">Para los que ya lo conozc\u00e1is, estas son las novedades de <a href=\"http:\/\/cv.tecnocentres.org\/plantilles\" target=\"_blank\" rel=\"noopener\">esta versi\u00f3n<\/a>:<\/p>\n<p><!--more--><\/p>\n<ul>\n<li style=\"text-align: justify;\">Un peque\u00f1o cambio crom\u00e1tico, aunque no s\u00e9 si ha mejorado mucho. Reconozco que el dise\u00f1o gr\u00e1fico no es mi fuerte.<\/li>\n<li style=\"text-align: justify;\">Para acelerar la carga del cuaderno, los d\u00edas festivos ya no se marcan solos. Ahora, una vez introducidos, hay que elegir la opci\u00f3n del men\u00fa que los marca todos.<\/li>\n<li style=\"text-align: justify;\">Se a\u00f1ade una opci\u00f3n en el men\u00fa para que se pueden enviar calificaciones a las familias.<\/li>\n<li style=\"text-align: justify;\">En esta versi\u00f3n, cuando se env\u00eda una incidencia a una familia, el alumno recibe un copia (si se han indicado los correos de familia y del alumno a la hoja Contacto).<\/li>\n<li style=\"text-align: justify;\">Se indica el % de asistencia en la hoja Resumen Asistencia y en la ficha del alumno.<\/li>\n<li style=\"text-align: justify;\">En las calificaciones de las actividades se pueden a\u00f1adir comentarios (con la opci\u00f3n \u00abInsertar Notas\u00bb del bot\u00f3n derecho). Al enviar calificaciones a alumnos o familias se ofrece la posibilidad tambi\u00e9n de enviar los comentarios.<\/li>\n<li style=\"text-align: justify;\">Se a\u00f1ade una columna para a\u00f1adir puntos a la nota final de cada evaluaci\u00f3n (Puntos extras). As\u00ed, si alg\u00fan alumno entrega tareas voluntarias, se le pueden sumar unas d\u00e9cimas en la nota final. En versiones anteriores hab\u00eda la opci\u00f3n de hacer que las actividades sumaran m\u00e1s del 100%, pero en esta no sirve. Cuando un alumno no hace una actividad, se puede puntuar con un 0 (y le har\u00e1 media) o se le puede dejar en blanco, y se presentar\u00e1 la media ponderada sin tener en cuenta aquella actividad.<\/li>\n<li style=\"text-align: justify;\">Se a\u00f1aden diferentes tipos de incidencias (Acumulaci\u00f3n de retrasos, Rendimiento acad\u00e9mico &#8230;).<\/li>\n<li style=\"text-align: justify;\">Se permite enviar m\u00e1s de una incidencia a la vez, indicando los n\u00fameros separados por comas.<\/li>\n<li>En la ficha del alumno aparece un gr\u00e1fico radial de las puntuacions de las competencias por evaluaciones.<\/li>\n<\/ul>\n<p style=\"text-align: justify;\">Adem\u00e1s, como en toda nueva versi\u00f3n, se corrigen errores que se hab\u00edan detectado.<\/p>\n<p style=\"text-align: justify;\">Los centros donde todos los profesores utilizan el Cuaderno, pueden utilizar la plantilla del tutor que recoge datos de todos los cuadernos. Esta plantilla recibe el nombre de<a href=\"http:\/\/assistatut-es.tecnocentres.org\/\" target=\"_blank\" rel=\"noopener\"> Assistatut.<\/a> La pr\u00f3xima semana publicar\u00e9 la nueva versi\u00f3n adaptada al nuevo curso.<\/p>\n<p>Se puede encontrar la nueva plantilla y todas las instrucciones de funcionamiento en la siguiente web:<\/p>\n<p style=\"text-align: center;\"><span style=\"font-size: 24pt;\"><a href=\"http:\/\/cv.tecnocentres.org\" target=\"_blank\" rel=\"noopener\">http:\/\/cv.tecnocentres.org<\/a><\/span><\/p>\n<p>Espero que os pueda ser \u00fatil.<\/p>\n<p>&nbsp;<\/p>\n","protected":false},"excerpt":{"rendered":"<p>Ya hace varios a\u00f1os que empec\u00e9 este blog y el primer art\u00edculo fue para compartir el Cuaderno Virtual del Profesor. Ahora acabo de actualizarlo de cara al pr\u00f3ximo curso, publicando la versi\u00f3n 4.2. Para los que no lo conozc\u00e1is, no&#8230;<\/p>\n","protected":false},"author":1,"featured_media":2219,"comment_status":"open","ping_status":"open","sticky":false,"template":"","format":"standard","meta":{"footnotes":""},"categories":[56,46,61,47],"tags":[],"class_list":["post-2221","post","type-post","status-publish","format-standard","has-post-thumbnail","hentry","category-google-apps-script-es","category-profesores","category-tic-es","category-usuarios","post-archive"],"yoast_head":"<!-- This site is optimized with the Yoast SEO plugin v27.4 - https:\/\/yoast.com\/product\/yoast-seo-wordpress\/ -->\n<title>Nueva versi\u00f3n del Cuaderno Virtual del Profesor, la v4.2 - Tecnocentres<\/title>\n<meta name=\"robots\" content=\"index, follow, max-snippet:-1, max-image-preview:large, max-video-preview:-1\" \/>\n<link rel=\"canonical\" href=\"https:\/\/tecnocentres.org\/es\/blog\/2018\/07\/12\/nueva-version-del-cuaderno-virtual-del-profesor-la-v4-2\/\" \/>\n<meta property=\"og:locale\" content=\"es_ES\" \/>\n<meta property=\"og:type\" content=\"article\" \/>\n<meta property=\"og:title\" content=\"Nueva versi\u00f3n del Cuaderno Virtual del Profesor, la v4.2 - Tecnocentres\" \/>\n<meta property=\"og:description\" content=\"Ya hace varios a\u00f1os que empec\u00e9 este blog y el primer art\u00edculo fue para compartir el Cuaderno Virtual del Profesor. Ahora acabo de actualizarlo de cara al pr\u00f3ximo curso, publicando la versi\u00f3n 4.2. Para los que no lo conozc\u00e1is, no...\" \/>\n<meta property=\"og:url\" content=\"https:\/\/tecnocentres.org\/es\/blog\/2018\/07\/12\/nueva-version-del-cuaderno-virtual-del-profesor-la-v4-2\/\" \/>\n<meta property=\"og:site_name\" content=\"Tecnocentres\" \/>\n<meta property=\"article:published_time\" content=\"2018-07-12T21:55:12+00:00\" \/>\n<meta property=\"article:modified_time\" content=\"2018-08-12T09:06:27+00:00\" \/>\n<meta property=\"og:image\" content=\"https:\/\/tecnocentres.org\/wp-content\/uploads\/2018\/07\/qv.png\" \/>\n\t<meta property=\"og:image:width\" content=\"935\" \/>\n\t<meta property=\"og:image:height\" content=\"490\" \/>\n\t<meta property=\"og:image:type\" content=\"image\/png\" \/>\n<meta name=\"author\" content=\"Jaume Feliu\" \/>\n<meta name=\"twitter:card\" content=\"summary_large_image\" \/>\n<meta name=\"twitter:creator\" content=\"@jfeliua\" \/>\n<meta name=\"twitter:label1\" content=\"Escrito por\" \/>\n\t<meta name=\"twitter:data1\" content=\"Jaume Feliu\" \/>\n\t<meta name=\"twitter:label2\" content=\"Tiempo de lectura\" \/>\n\t<meta name=\"twitter:data2\" content=\"3 minutos\" \/>\n<script type=\"application\/ld+json\" class=\"yoast-schema-graph\">{\"@context\":\"https:\\\/\\\/schema.org\",\"@graph\":[{\"@type\":\"Article\",\"@id\":\"https:\\\/\\\/tecnocentres.org\\\/es\\\/blog\\\/2018\\\/07\\\/12\\\/nueva-version-del-cuaderno-virtual-del-profesor-la-v4-2\\\/#article\",\"isPartOf\":{\"@id\":\"https:\\\/\\\/tecnocentres.org\\\/es\\\/blog\\\/2018\\\/07\\\/12\\\/nueva-version-del-cuaderno-virtual-del-profesor-la-v4-2\\\/\"},\"author\":{\"name\":\"Jaume Feliu\",\"@id\":\"https:\\\/\\\/tecnocentres.org\\\/es\\\/#\\\/schema\\\/person\\\/b2eb569e95072dedf967f0036be08adf\"},\"headline\":\"Nueva versi\u00f3n del Cuaderno Virtual del Profesor, la v4.2\",\"datePublished\":\"2018-07-12T21:55:12+00:00\",\"dateModified\":\"2018-08-12T09:06:27+00:00\",\"mainEntityOfPage\":{\"@id\":\"https:\\\/\\\/tecnocentres.org\\\/es\\\/blog\\\/2018\\\/07\\\/12\\\/nueva-version-del-cuaderno-virtual-del-profesor-la-v4-2\\\/\"},\"wordCount\":537,\"commentCount\":18,\"image\":{\"@id\":\"https:\\\/\\\/tecnocentres.org\\\/es\\\/blog\\\/2018\\\/07\\\/12\\\/nueva-version-del-cuaderno-virtual-del-profesor-la-v4-2\\\/#primaryimage\"},\"thumbnailUrl\":\"https:\\\/\\\/tecnocentres.org\\\/wp-content\\\/uploads\\\/2018\\\/07\\\/qv.png\",\"articleSection\":[\"Google apps script\",\"Profesores\",\"TIC\",\"Usuarios\"],\"inLanguage\":\"es\",\"potentialAction\":[{\"@type\":\"CommentAction\",\"name\":\"Comment\",\"target\":[\"https:\\\/\\\/tecnocentres.org\\\/es\\\/blog\\\/2018\\\/07\\\/12\\\/nueva-version-del-cuaderno-virtual-del-profesor-la-v4-2\\\/#respond\"]}]},{\"@type\":\"WebPage\",\"@id\":\"https:\\\/\\\/tecnocentres.org\\\/es\\\/blog\\\/2018\\\/07\\\/12\\\/nueva-version-del-cuaderno-virtual-del-profesor-la-v4-2\\\/\",\"url\":\"https:\\\/\\\/tecnocentres.org\\\/es\\\/blog\\\/2018\\\/07\\\/12\\\/nueva-version-del-cuaderno-virtual-del-profesor-la-v4-2\\\/\",\"name\":\"Nueva versi\u00f3n del Cuaderno Virtual del Profesor, la v4.2 - Tecnocentres\",\"isPartOf\":{\"@id\":\"https:\\\/\\\/tecnocentres.org\\\/es\\\/#website\"},\"primaryImageOfPage\":{\"@id\":\"https:\\\/\\\/tecnocentres.org\\\/es\\\/blog\\\/2018\\\/07\\\/12\\\/nueva-version-del-cuaderno-virtual-del-profesor-la-v4-2\\\/#primaryimage\"},\"image\":{\"@id\":\"https:\\\/\\\/tecnocentres.org\\\/es\\\/blog\\\/2018\\\/07\\\/12\\\/nueva-version-del-cuaderno-virtual-del-profesor-la-v4-2\\\/#primaryimage\"},\"thumbnailUrl\":\"https:\\\/\\\/tecnocentres.org\\\/wp-content\\\/uploads\\\/2018\\\/07\\\/qv.png\",\"datePublished\":\"2018-07-12T21:55:12+00:00\",\"dateModified\":\"2018-08-12T09:06:27+00:00\",\"author\":{\"@id\":\"https:\\\/\\\/tecnocentres.org\\\/es\\\/#\\\/schema\\\/person\\\/b2eb569e95072dedf967f0036be08adf\"},\"breadcrumb\":{\"@id\":\"https:\\\/\\\/tecnocentres.org\\\/es\\\/blog\\\/2018\\\/07\\\/12\\\/nueva-version-del-cuaderno-virtual-del-profesor-la-v4-2\\\/#breadcrumb\"},\"inLanguage\":\"es\",\"potentialAction\":[{\"@type\":\"ReadAction\",\"target\":[\"https:\\\/\\\/tecnocentres.org\\\/es\\\/blog\\\/2018\\\/07\\\/12\\\/nueva-version-del-cuaderno-virtual-del-profesor-la-v4-2\\\/\"]}]},{\"@type\":\"ImageObject\",\"inLanguage\":\"es\",\"@id\":\"https:\\\/\\\/tecnocentres.org\\\/es\\\/blog\\\/2018\\\/07\\\/12\\\/nueva-version-del-cuaderno-virtual-del-profesor-la-v4-2\\\/#primaryimage\",\"url\":\"https:\\\/\\\/tecnocentres.org\\\/wp-content\\\/uploads\\\/2018\\\/07\\\/qv.png\",\"contentUrl\":\"https:\\\/\\\/tecnocentres.org\\\/wp-content\\\/uploads\\\/2018\\\/07\\\/qv.png\",\"width\":935,\"height\":490},{\"@type\":\"BreadcrumbList\",\"@id\":\"https:\\\/\\\/tecnocentres.org\\\/es\\\/blog\\\/2018\\\/07\\\/12\\\/nueva-version-del-cuaderno-virtual-del-profesor-la-v4-2\\\/#breadcrumb\",\"itemListElement\":[{\"@type\":\"ListItem\",\"position\":1,\"name\":\"Inici\",\"item\":\"https:\\\/\\\/tecnocentres.org\\\/es\\\/\"},{\"@type\":\"ListItem\",\"position\":2,\"name\":\"Nueva versi\u00f3n del Cuaderno Virtual del Profesor, la v4.2\"}]},{\"@type\":\"WebSite\",\"@id\":\"https:\\\/\\\/tecnocentres.org\\\/es\\\/#website\",\"url\":\"https:\\\/\\\/tecnocentres.org\\\/es\\\/\",\"name\":\"Tecnocentres\",\"description\":\"Blog de Jaume Feliu\",\"potentialAction\":[{\"@type\":\"SearchAction\",\"target\":{\"@type\":\"EntryPoint\",\"urlTemplate\":\"https:\\\/\\\/tecnocentres.org\\\/es\\\/?s={search_term_string}\"},\"query-input\":{\"@type\":\"PropertyValueSpecification\",\"valueRequired\":true,\"valueName\":\"search_term_string\"}}],\"inLanguage\":\"es\"},{\"@type\":\"Person\",\"@id\":\"https:\\\/\\\/tecnocentres.org\\\/es\\\/#\\\/schema\\\/person\\\/b2eb569e95072dedf967f0036be08adf\",\"name\":\"Jaume Feliu\",\"image\":{\"@type\":\"ImageObject\",\"inLanguage\":\"es\",\"@id\":\"https:\\\/\\\/secure.gravatar.com\\\/avatar\\\/04319ca8610bfe2a04fca8f0d7d42c7e87e4bbe1c687e39a0192f567098d464e?s=96&d=mm&r=g\",\"url\":\"https:\\\/\\\/secure.gravatar.com\\\/avatar\\\/04319ca8610bfe2a04fca8f0d7d42c7e87e4bbe1c687e39a0192f567098d464e?s=96&d=mm&r=g\",\"contentUrl\":\"https:\\\/\\\/secure.gravatar.com\\\/avatar\\\/04319ca8610bfe2a04fca8f0d7d42c7e87e4bbe1c687e39a0192f567098d464e?s=96&d=mm&r=g\",\"caption\":\"Jaume Feliu\"},\"sameAs\":[\"https:\\\/\\\/tecnocentres.org\",\"https:\\\/\\\/x.com\\\/jfeliua\"],\"url\":\"https:\\\/\\\/tecnocentres.org\\\/es\\\/blog\\\/author\\\/admin\\\/\"}]}<\/script>\n<!-- \/ Yoast SEO plugin. -->","yoast_head_json":{"title":"Nueva versi\u00f3n del Cuaderno Virtual del Profesor, la v4.2 - Tecnocentres","robots":{"index":"index","follow":"follow","max-snippet":"max-snippet:-1","max-image-preview":"max-image-preview:large","max-video-preview":"max-video-preview:-1"},"canonical":"https:\/\/tecnocentres.org\/es\/blog\/2018\/07\/12\/nueva-version-del-cuaderno-virtual-del-profesor-la-v4-2\/","og_locale":"es_ES","og_type":"article","og_title":"Nueva versi\u00f3n del Cuaderno Virtual del Profesor, la v4.2 - Tecnocentres","og_description":"Ya hace varios a\u00f1os que empec\u00e9 este blog y el primer art\u00edculo fue para compartir el Cuaderno Virtual del Profesor. Ahora acabo de actualizarlo de cara al pr\u00f3ximo curso, publicando la versi\u00f3n 4.2. Para los que no lo conozc\u00e1is, no...","og_url":"https:\/\/tecnocentres.org\/es\/blog\/2018\/07\/12\/nueva-version-del-cuaderno-virtual-del-profesor-la-v4-2\/","og_site_name":"Tecnocentres","article_published_time":"2018-07-12T21:55:12+00:00","article_modified_time":"2018-08-12T09:06:27+00:00","og_image":[{"width":935,"height":490,"url":"https:\/\/tecnocentres.org\/wp-content\/uploads\/2018\/07\/qv.png","type":"image\/png"}],"author":"Jaume Feliu","twitter_card":"summary_large_image","twitter_creator":"@jfeliua","twitter_misc":{"Escrito por":"Jaume Feliu","Tiempo de lectura":"3 minutos"},"schema":{"@context":"https:\/\/schema.org","@graph":[{"@type":"Article","@id":"https:\/\/tecnocentres.org\/es\/blog\/2018\/07\/12\/nueva-version-del-cuaderno-virtual-del-profesor-la-v4-2\/#article","isPartOf":{"@id":"https:\/\/tecnocentres.org\/es\/blog\/2018\/07\/12\/nueva-version-del-cuaderno-virtual-del-profesor-la-v4-2\/"},"author":{"name":"Jaume Feliu","@id":"https:\/\/tecnocentres.org\/es\/#\/schema\/person\/b2eb569e95072dedf967f0036be08adf"},"headline":"Nueva versi\u00f3n del Cuaderno Virtual del Profesor, la v4.2","datePublished":"2018-07-12T21:55:12+00:00","dateModified":"2018-08-12T09:06:27+00:00","mainEntityOfPage":{"@id":"https:\/\/tecnocentres.org\/es\/blog\/2018\/07\/12\/nueva-version-del-cuaderno-virtual-del-profesor-la-v4-2\/"},"wordCount":537,"commentCount":18,"image":{"@id":"https:\/\/tecnocentres.org\/es\/blog\/2018\/07\/12\/nueva-version-del-cuaderno-virtual-del-profesor-la-v4-2\/#primaryimage"},"thumbnailUrl":"https:\/\/tecnocentres.org\/wp-content\/uploads\/2018\/07\/qv.png","articleSection":["Google apps script","Profesores","TIC","Usuarios"],"inLanguage":"es","potentialAction":[{"@type":"CommentAction","name":"Comment","target":["https:\/\/tecnocentres.org\/es\/blog\/2018\/07\/12\/nueva-version-del-cuaderno-virtual-del-profesor-la-v4-2\/#respond"]}]},{"@type":"WebPage","@id":"https:\/\/tecnocentres.org\/es\/blog\/2018\/07\/12\/nueva-version-del-cuaderno-virtual-del-profesor-la-v4-2\/","url":"https:\/\/tecnocentres.org\/es\/blog\/2018\/07\/12\/nueva-version-del-cuaderno-virtual-del-profesor-la-v4-2\/","name":"Nueva versi\u00f3n del Cuaderno Virtual del Profesor, la v4.2 - Tecnocentres","isPartOf":{"@id":"https:\/\/tecnocentres.org\/es\/#website"},"primaryImageOfPage":{"@id":"https:\/\/tecnocentres.org\/es\/blog\/2018\/07\/12\/nueva-version-del-cuaderno-virtual-del-profesor-la-v4-2\/#primaryimage"},"image":{"@id":"https:\/\/tecnocentres.org\/es\/blog\/2018\/07\/12\/nueva-version-del-cuaderno-virtual-del-profesor-la-v4-2\/#primaryimage"},"thumbnailUrl":"https:\/\/tecnocentres.org\/wp-content\/uploads\/2018\/07\/qv.png","datePublished":"2018-07-12T21:55:12+00:00","dateModified":"2018-08-12T09:06:27+00:00","author":{"@id":"https:\/\/tecnocentres.org\/es\/#\/schema\/person\/b2eb569e95072dedf967f0036be08adf"},"breadcrumb":{"@id":"https:\/\/tecnocentres.org\/es\/blog\/2018\/07\/12\/nueva-version-del-cuaderno-virtual-del-profesor-la-v4-2\/#breadcrumb"},"inLanguage":"es","potentialAction":[{"@type":"ReadAction","target":["https:\/\/tecnocentres.org\/es\/blog\/2018\/07\/12\/nueva-version-del-cuaderno-virtual-del-profesor-la-v4-2\/"]}]},{"@type":"ImageObject","inLanguage":"es","@id":"https:\/\/tecnocentres.org\/es\/blog\/2018\/07\/12\/nueva-version-del-cuaderno-virtual-del-profesor-la-v4-2\/#primaryimage","url":"https:\/\/tecnocentres.org\/wp-content\/uploads\/2018\/07\/qv.png","contentUrl":"https:\/\/tecnocentres.org\/wp-content\/uploads\/2018\/07\/qv.png","width":935,"height":490},{"@type":"BreadcrumbList","@id":"https:\/\/tecnocentres.org\/es\/blog\/2018\/07\/12\/nueva-version-del-cuaderno-virtual-del-profesor-la-v4-2\/#breadcrumb","itemListElement":[{"@type":"ListItem","position":1,"name":"Inici","item":"https:\/\/tecnocentres.org\/es\/"},{"@type":"ListItem","position":2,"name":"Nueva versi\u00f3n del Cuaderno Virtual del Profesor, la v4.2"}]},{"@type":"WebSite","@id":"https:\/\/tecnocentres.org\/es\/#website","url":"https:\/\/tecnocentres.org\/es\/","name":"Tecnocentres","description":"Blog de Jaume Feliu","potentialAction":[{"@type":"SearchAction","target":{"@type":"EntryPoint","urlTemplate":"https:\/\/tecnocentres.org\/es\/?s={search_term_string}"},"query-input":{"@type":"PropertyValueSpecification","valueRequired":true,"valueName":"search_term_string"}}],"inLanguage":"es"},{"@type":"Person","@id":"https:\/\/tecnocentres.org\/es\/#\/schema\/person\/b2eb569e95072dedf967f0036be08adf","name":"Jaume Feliu","image":{"@type":"ImageObject","inLanguage":"es","@id":"https:\/\/secure.gravatar.com\/avatar\/04319ca8610bfe2a04fca8f0d7d42c7e87e4bbe1c687e39a0192f567098d464e?s=96&d=mm&r=g","url":"https:\/\/secure.gravatar.com\/avatar\/04319ca8610bfe2a04fca8f0d7d42c7e87e4bbe1c687e39a0192f567098d464e?s=96&d=mm&r=g","contentUrl":"https:\/\/secure.gravatar.com\/avatar\/04319ca8610bfe2a04fca8f0d7d42c7e87e4bbe1c687e39a0192f567098d464e?s=96&d=mm&r=g","caption":"Jaume Feliu"},"sameAs":["https:\/\/tecnocentres.org","https:\/\/x.com\/jfeliua"],"url":"https:\/\/tecnocentres.org\/es\/blog\/author\/admin\/"}]}},"_links":{"self":[{"href":"https:\/\/tecnocentres.org\/es\/wp-json\/wp\/v2\/posts\/2221","targetHints":{"allow":["GET"]}}],"collection":[{"href":"https:\/\/tecnocentres.org\/es\/wp-json\/wp\/v2\/posts"}],"about":[{"href":"https:\/\/tecnocentres.org\/es\/wp-json\/wp\/v2\/types\/post"}],"author":[{"embeddable":true,"href":"https:\/\/tecnocentres.org\/es\/wp-json\/wp\/v2\/users\/1"}],"replies":[{"embeddable":true,"href":"https:\/\/tecnocentres.org\/es\/wp-json\/wp\/v2\/comments?post=2221"}],"version-history":[{"count":0,"href":"https:\/\/tecnocentres.org\/es\/wp-json\/wp\/v2\/posts\/2221\/revisions"}],"wp:featuredmedia":[{"embeddable":true,"href":"https:\/\/tecnocentres.org\/es\/wp-json\/wp\/v2\/media\/2219"}],"wp:attachment":[{"href":"https:\/\/tecnocentres.org\/es\/wp-json\/wp\/v2\/media?parent=2221"}],"wp:term":[{"taxonomy":"category","embeddable":true,"href":"https:\/\/tecnocentres.org\/es\/wp-json\/wp\/v2\/categories?post=2221"},{"taxonomy":"post_tag","embeddable":true,"href":"https:\/\/tecnocentres.org\/es\/wp-json\/wp\/v2\/tags?post=2221"}],"curies":[{"name":"wp","href":"https:\/\/api.w.org\/{rel}","templated":true}]}}